{"id":36242,"date":"2026-08-31T17:14:18","date_gmt":"2026-08-31T15:14:18","guid":{"rendered":"https:\/\/www.raggix.eu\/snr\/salute-cosa-indica-un-mal-di-testa-forte-e-improvviso-le-ipotesi-del-neurologo-sul-caso-di-battista\/"},"modified":"2026-08-31T17:14:18","modified_gmt":"2026-08-31T15:14:18","slug":"salute-cosa-indica-un-mal-di-testa-forte-e-improvviso-le-ipotesi-del-neurologo-sul-caso-di-battista","status":"publish","type":"post","link":"https:\/\/www.raggix.eu\/snr\/salute-cosa-indica-un-mal-di-testa-forte-e-improvviso-le-ipotesi-del-neurologo-sul-caso-di-battista\/","title":{"rendered":"Salute cosa indica un mal di testa forte e improvviso, le ipotesi del neurologo sul caso Di Battista"},"content":{"rendered":"<p>(Adnkronos) &#8211; &#8220;Sulla base delle informazioni che abbiamo&#8221; su Alessandro Di Battista, ricoverato da sabato all&#8217;ospedale &#8216;Hermanos Ameijeiras&#8217; dell&#8217;Avana in seguito a un malore, &#8220;i primi sintomi sono stati un mal di testa che non aveva che poi \u00e8 diventato fortissimo e che l&#8217;ha portato in ospedale e privo di coscienza. Ora sembra sia cosciente. Cosa \u00e8 successo? Quali ipotesi possiamo fare? Ci sono 15 mln di italiani che soffrono di mal di testa e queste persone non devono essere confuse in queste ore e devono sapere che un&#8217;emicrania anche forte non \u00e8 un campanello d&#8217;allarme per andare in ospedale. Qui abbiamo un uomo che ha avuto un violentissimo mal di testa che gli ha fatto perdere coscienza. Quello che lui potrebbe aver avuto per i neurologi \u00e8 una cefalea sentinella seguita da cefalea a rombo di tuono. Per capirci, \u00e8 come se dopo poche gocce di pioggia arrivi un fulmine: da zero a massima intensit\u00e0 in un 1 minuto. C&#8217;\u00e8 una vera brutalit\u00e0 nell&#8217;accelerazione. Non \u00e8 una cosa comune. La causa principale di questa cefalea a rombo di tuono \u00e8 generalmente un&#8217;emorragia subaracnoidea (Esa) dovuta a rottura di aneurisma. Non \u00e8 la causa unica, ma la pi\u00f9 frequente. Non \u00e8 un ictus, l&#8217;aneurisma \u00e8 una varice o rigonfiamento dell&#8217;arteria che si rompe e il sangue va a &#8216;verniciare&#8217; le meningi ma non entra nel cervello e questo spiegherebbe il dolore violento e il fatto che in queste ora il paziente \u00e8 sveglio e cosciente&#8221;. E&#8217; l&#8217;analisi per l&#8217;Adnkronos Salute di Piero Barbanti, direttore dell&#8217;Unit\u00e0 Cefalee e Dolore dell&#8217;Irccs San Raffaele di Roma e professore di Neurologia all&#8217;Universit\u00e0 San Raffaele di Roma.     <a href=\"https:\/\/www.adnkronos.com\/salute\/salute-cosa-indica-un-mal-di-testa-forte-e-improvviso-le-ipotesi-del-neurologo-sul-caso-di-battista_KWUwn4CM0EJ94hPiIgyLx\" target=\"_blank\" class=\"feedzy-rss-link-icon\" rel=\"noopener\">Read More<\/a><\/p>\n","protected":false},"excerpt":{"rendered":"<p>(Adnkronos) &#8211; &#8220;Sulla base delle informazioni che abbiamo&#8221; su Alessandro Di Battista, ricoverato da sabato all&#8217;ospedale &#8216;Hermanos Ameijeiras&#8217; dell&#8217;Avana in seguito a un malore, &#8220;i primi sintomi sono stati un mal di testa che non aveva che poi \u00e8 diventato fortissimo e che l&#8217;ha portato in ospedale e privo di coscienza. Ora sembra sia cosciente. Cosa \u00e8 successo? Quali ipotesi possiamo fare? Ci sono 15 mln di italiani che soffrono di mal di testa e queste persone non devono essere confuse in queste ore e devono sapere che un&#8217;emicrania anche forte non \u00e8 un campanello d&#8217;allarme per andare in ospedale. Qui abbiamo un uomo che ha avuto un violentissimo mal di testa che gli ha fatto perdere coscienza. Quello che lui potrebbe aver avuto per i neurologi \u00e8 una cefalea sentinella seguita da cefalea a rombo di tuono. Per capirci, \u00e8 come se dopo poche gocce di pioggia arrivi un fulmine: da zero a massima intensit\u00e0 in un 1 minuto. C&#8217;\u00e8 una vera brutalit\u00e0 nell&#8217;accelerazione. Non \u00e8 una cosa comune. La causa principale di questa cefalea a rombo di tuono \u00e8 generalmente un&#8217;emorragia subaracnoidea (Esa) dovuta a rottura di aneurisma. Non \u00e8 la causa unica, ma la pi\u00f9 frequente. Non \u00e8 un ictus, l&#8217;aneurisma \u00e8 una varice o rigonfiamento dell&#8217;arteria che si rompe e il sangue va a &#8216;verniciare&#8217; le meningi ma non entra nel cervello e questo spiegherebbe il dolore violento e il fatto che in queste ora il paziente \u00e8 sveglio e cosciente&#8221;. E&#8217; l&#8217;analisi per l&#8217;Adnkronos Salute di Piero Barbanti, direttore dell&#8217;Unit\u00e0 Cefalee e Dolore dell&#8217;Irccs San Raffaele di Roma e professore di Neurologia all&#8217;Universit\u00e0 San Raffaele di Roma.     <a href=\"https:\/\/www.adnkronos.com\/salute\/salute-cosa-indica-un-mal-di-testa-forte-e-improvviso-le-ipotesi-del-neurologo-sul-caso-di-battista_KWUwn4CM0EJ94hPiIgyLx\" target=\"_blank\" class=\"feedzy-rss-link-icon\" rel=\"noopener\">Read More<\/a><\/p>\n","protected":false},"author":0,"featured_media":0,"comment_status":"closed","ping_status":"open","sticky":false,"template":"","format":"standard","meta":{"ngg_post_thumbnail":0},"categories":[266],"tags":[],"yoast_head":"<!-- This site is optimized with the Yoast SEO plugin v19.7.2 - https:\/\/yoast.com\/wordpress\/plugins\/seo\/ -->\n<title>Salute cosa indica un mal di testa forte e improvviso, le ipotesi del neurologo sul caso Di Battista - Sindacato Nazionale Area Radiologica<\/title>\n<meta name=\"robots\" content=\"index, follow, max-snippet:-1, max-image-preview:large, max-video-preview:-1\" \/>\n<link rel=\"canonical\" href=\"https:\/\/www.raggix.eu\/snr\/salute-cosa-indica-un-mal-di-testa-forte-e-improvviso-le-ipotesi-del-neurologo-sul-caso-di-battista\/\" \/>\n<meta property=\"og:locale\" content=\"it_IT\" \/>\n<meta property=\"og:type\" content=\"article\" \/>\n<meta property=\"og:title\" content=\"Salute cosa indica un mal di testa forte e improvviso, le ipotesi del neurologo sul caso Di Battista - Sindacato Nazionale Area Radiologica\" \/>\n<meta property=\"og:description\" content=\"(Adnkronos) - &quot;Sulla base delle informazioni che abbiamo&quot; su Alessandro Di Battista, ricoverato da sabato all&#039;ospedale &#039;Hermanos Ameijeiras&#039; dell&#039;Avana in seguito a un malore, &quot;i primi sintomi sono stati un mal di testa che non aveva che poi \u00e8 diventato fortissimo e che l&#039;ha portato in ospedale e privo di coscienza. Ora sembra sia cosciente. Cosa \u00e8 successo? Quali ipotesi possiamo fare? Ci sono 15 mln di italiani che soffrono di mal di testa e queste persone non devono essere confuse in queste ore e devono sapere che un&#039;emicrania anche forte non \u00e8 un campanello d&#039;allarme per andare in ospedale. Qui abbiamo un uomo che ha avuto un violentissimo mal di testa che gli ha fatto perdere coscienza. Quello che lui potrebbe aver avuto per i neurologi \u00e8 una cefalea sentinella seguita da cefalea a rombo di tuono. Per capirci, \u00e8 come se dopo poche gocce di pioggia arrivi un fulmine: da zero a massima intensit\u00e0 in un 1 minuto. C&#039;\u00e8 una vera brutalit\u00e0 nell&#039;accelerazione. Non \u00e8 una cosa comune. La causa principale di questa cefalea a rombo di tuono \u00e8 generalmente un&#039;emorragia subaracnoidea (Esa) dovuta a rottura di aneurisma. Non \u00e8 la causa unica, ma la pi\u00f9 frequente. Non \u00e8 un ictus, l&#039;aneurisma \u00e8 una varice o rigonfiamento dell&#039;arteria che si rompe e il sangue va a &#039;verniciare&#039; le meningi ma non entra nel cervello e questo spiegherebbe il dolore violento e il fatto che in queste ora il paziente \u00e8 sveglio e cosciente&quot;. E&#039; l&#039;analisi per l&#039;Adnkronos Salute di Piero Barbanti, direttore dell&#039;Unit\u00e0 Cefalee e Dolore dell&#039;Irccs San Raffaele di Roma e professore di Neurologia all&#039;Universit\u00e0 San Raffaele di Roma.   Read More\" \/>\n<meta property=\"og:url\" content=\"https:\/\/www.raggix.eu\/snr\/salute-cosa-indica-un-mal-di-testa-forte-e-improvviso-le-ipotesi-del-neurologo-sul-caso-di-battista\/\" \/>\n<meta property=\"og:site_name\" content=\"Sindacato Nazionale Area Radiologica\" \/>\n<meta property=\"article:publisher\" content=\"https:\/\/www.facebook.com\/sindacatoradiologi\" \/>\n<meta property=\"article:published_time\" content=\"2026-08-31T15:14:18+00:00\" \/>\n<meta name=\"twitter:card\" content=\"summary\" \/>\n<meta name=\"twitter:label1\" content=\"Tempo di lettura stimato\" \/>\n\t<meta name=\"twitter:data1\" content=\"1 minuto\" \/>\n<script type=\"application\/ld+json\" class=\"yoast-schema-graph\">{\"@context\":\"https:\/\/schema.org\",\"@graph\":[{\"@type\":\"Article\",\"@id\":\"https:\/\/www.raggix.eu\/snr\/salute-cosa-indica-un-mal-di-testa-forte-e-improvviso-le-ipotesi-del-neurologo-sul-caso-di-battista\/#article\",\"isPartOf\":{\"@id\":\"https:\/\/www.raggix.eu\/snr\/salute-cosa-indica-un-mal-di-testa-forte-e-improvviso-le-ipotesi-del-neurologo-sul-caso-di-battista\/\"},\"author\":{\"name\":\"\",\"@id\":\"\"},\"headline\":\"Salute cosa indica un mal di testa forte e improvviso, le ipotesi del neurologo sul caso Di Battista\",\"datePublished\":\"2026-08-31T15:14:18+00:00\",\"dateModified\":\"2026-08-31T15:14:18+00:00\",\"mainEntityOfPage\":{\"@id\":\"https:\/\/www.raggix.eu\/snr\/salute-cosa-indica-un-mal-di-testa-forte-e-improvviso-le-ipotesi-del-neurologo-sul-caso-di-battista\/\"},\"wordCount\":279,\"publisher\":{\"@id\":\"https:\/\/www.raggix.eu\/snr\/#organization\"},\"articleSection\":[\"ADN Kronos\"],\"inLanguage\":\"it-IT\"},{\"@type\":\"WebPage\",\"@id\":\"https:\/\/www.raggix.eu\/snr\/salute-cosa-indica-un-mal-di-testa-forte-e-improvviso-le-ipotesi-del-neurologo-sul-caso-di-battista\/\",\"url\":\"https:\/\/www.raggix.eu\/snr\/salute-cosa-indica-un-mal-di-testa-forte-e-improvviso-le-ipotesi-del-neurologo-sul-caso-di-battista\/\",\"name\":\"Salute cosa indica un mal di testa forte e improvviso, le ipotesi del neurologo sul caso Di Battista - Sindacato Nazionale Area Radiologica\",\"isPartOf\":{\"@id\":\"https:\/\/www.raggix.eu\/snr\/#website\"},\"datePublished\":\"2026-08-31T15:14:18+00:00\",\"dateModified\":\"2026-08-31T15:14:18+00:00\",\"breadcrumb\":{\"@id\":\"https:\/\/www.raggix.eu\/snr\/salute-cosa-indica-un-mal-di-testa-forte-e-improvviso-le-ipotesi-del-neurologo-sul-caso-di-battista\/#breadcrumb\"},\"inLanguage\":\"it-IT\",\"potentialAction\":[{\"@type\":\"ReadAction\",\"target\":[\"https:\/\/www.raggix.eu\/snr\/salute-cosa-indica-un-mal-di-testa-forte-e-improvviso-le-ipotesi-del-neurologo-sul-caso-di-battista\/\"]}]},{\"@type\":\"BreadcrumbList\",\"@id\":\"https:\/\/www.raggix.eu\/snr\/salute-cosa-indica-un-mal-di-testa-forte-e-improvviso-le-ipotesi-del-neurologo-sul-caso-di-battista\/#breadcrumb\",\"itemListElement\":[{\"@type\":\"ListItem\",\"position\":1,\"name\":\"Home\",\"item\":\"https:\/\/www.raggix.eu\/snr\/\"},{\"@type\":\"ListItem\",\"position\":2,\"name\":\"Salute cosa indica un mal di testa forte e improvviso, le ipotesi del neurologo sul caso Di Battista\"}]},{\"@type\":\"WebSite\",\"@id\":\"https:\/\/www.raggix.eu\/snr\/#website\",\"url\":\"https:\/\/www.raggix.eu\/snr\/\",\"name\":\"Sindacato Nazionale Area Radiologica\",\"description\":\"SNR - Sindacato Nazionale Area Radiologica\",\"publisher\":{\"@id\":\"https:\/\/www.raggix.eu\/snr\/#organization\"},\"potentialAction\":[{\"@type\":\"SearchAction\",\"target\":{\"@type\":\"EntryPoint\",\"urlTemplate\":\"https:\/\/www.raggix.eu\/snr\/?s={search_term_string}\"},\"query-input\":\"required name=search_term_string\"}],\"inLanguage\":\"it-IT\"},{\"@type\":\"Organization\",\"@id\":\"https:\/\/www.raggix.eu\/snr\/#organization\",\"name\":\"Sindacato Nazionale Area Radiologica\",\"url\":\"https:\/\/www.raggix.eu\/snr\/\",\"sameAs\":[\"https:\/\/www.linkedin.com\/in\/snr-radiologia-260880bb\/\",\"https:\/\/www.youtube.com\/channel\/UCd0-uWNLi9f6DoO8LRAyM7g\",\"https:\/\/www.facebook.com\/sindacatoradiologi\"],\"logo\":{\"@type\":\"ImageObject\",\"inLanguage\":\"it-IT\",\"@id\":\"https:\/\/www.raggix.eu\/snr\/#\/schema\/logo\/image\/\",\"url\":\"https:\/\/www.raggix.eu\/snr\/wp-content\/uploads\/2022\/08\/logo-snr.jpg\",\"contentUrl\":\"https:\/\/www.raggix.eu\/snr\/wp-content\/uploads\/2022\/08\/logo-snr.jpg\",\"width\":350,\"height\":225,\"caption\":\"Sindacato Nazionale Area Radiologica\"},\"image\":{\"@id\":\"https:\/\/www.raggix.eu\/snr\/#\/schema\/logo\/image\/\"}}]}<\/script>\n<!-- \/ Yoast SEO plugin. -->","yoast_head_json":{"title":"Salute cosa indica un mal di testa forte e improvviso, le ipotesi del neurologo sul caso Di Battista - Sindacato Nazionale Area Radiologica","robots":{"index":"index","follow":"follow","max-snippet":"max-snippet:-1","max-image-preview":"max-image-preview:large","max-video-preview":"max-video-preview:-1"},"canonical":"https:\/\/www.raggix.eu\/snr\/salute-cosa-indica-un-mal-di-testa-forte-e-improvviso-le-ipotesi-del-neurologo-sul-caso-di-battista\/","og_locale":"it_IT","og_type":"article","og_title":"Salute cosa indica un mal di testa forte e improvviso, le ipotesi del neurologo sul caso Di Battista - Sindacato Nazionale Area Radiologica","og_description":"(Adnkronos) - \"Sulla base delle informazioni che abbiamo\" su Alessandro Di Battista, ricoverato da sabato all'ospedale 'Hermanos Ameijeiras' dell'Avana in seguito a un malore, \"i primi sintomi sono stati un mal di testa che non aveva che poi \u00e8 diventato fortissimo e che l'ha portato in ospedale e privo di coscienza. Ora sembra sia cosciente. Cosa \u00e8 successo? Quali ipotesi possiamo fare? Ci sono 15 mln di italiani che soffrono di mal di testa e queste persone non devono essere confuse in queste ore e devono sapere che un'emicrania anche forte non \u00e8 un campanello d'allarme per andare in ospedale. Qui abbiamo un uomo che ha avuto un violentissimo mal di testa che gli ha fatto perdere coscienza. Quello che lui potrebbe aver avuto per i neurologi \u00e8 una cefalea sentinella seguita da cefalea a rombo di tuono. Per capirci, \u00e8 come se dopo poche gocce di pioggia arrivi un fulmine: da zero a massima intensit\u00e0 in un 1 minuto. C'\u00e8 una vera brutalit\u00e0 nell'accelerazione. Non \u00e8 una cosa comune. La causa principale di questa cefalea a rombo di tuono \u00e8 generalmente un'emorragia subaracnoidea (Esa) dovuta a rottura di aneurisma. Non \u00e8 la causa unica, ma la pi\u00f9 frequente. Non \u00e8 un ictus, l'aneurisma \u00e8 una varice o rigonfiamento dell'arteria che si rompe e il sangue va a 'verniciare' le meningi ma non entra nel cervello e questo spiegherebbe il dolore violento e il fatto che in queste ora il paziente \u00e8 sveglio e cosciente\". E' l'analisi per l'Adnkronos Salute di Piero Barbanti, direttore dell'Unit\u00e0 Cefalee e Dolore dell'Irccs San Raffaele di Roma e professore di Neurologia all'Universit\u00e0 San Raffaele di Roma.   Read More","og_url":"https:\/\/www.raggix.eu\/snr\/salute-cosa-indica-un-mal-di-testa-forte-e-improvviso-le-ipotesi-del-neurologo-sul-caso-di-battista\/","og_site_name":"Sindacato Nazionale Area Radiologica","article_publisher":"https:\/\/www.facebook.com\/sindacatoradiologi","article_published_time":"2026-08-31T15:14:18+00:00","twitter_card":"summary","twitter_misc":{"Tempo di lettura stimato":"1 minuto"},"schema":{"@context":"https:\/\/schema.org","@graph":[{"@type":"Article","@id":"https:\/\/www.raggix.eu\/snr\/salute-cosa-indica-un-mal-di-testa-forte-e-improvviso-le-ipotesi-del-neurologo-sul-caso-di-battista\/#article","isPartOf":{"@id":"https:\/\/www.raggix.eu\/snr\/salute-cosa-indica-un-mal-di-testa-forte-e-improvviso-le-ipotesi-del-neurologo-sul-caso-di-battista\/"},"author":{"name":"","@id":""},"headline":"Salute cosa indica un mal di testa forte e improvviso, le ipotesi del neurologo sul caso Di Battista","datePublished":"2026-08-31T15:14:18+00:00","dateModified":"2026-08-31T15:14:18+00:00","mainEntityOfPage":{"@id":"https:\/\/www.raggix.eu\/snr\/salute-cosa-indica-un-mal-di-testa-forte-e-improvviso-le-ipotesi-del-neurologo-sul-caso-di-battista\/"},"wordCount":279,"publisher":{"@id":"https:\/\/www.raggix.eu\/snr\/#organization"},"articleSection":["ADN Kronos"],"inLanguage":"it-IT"},{"@type":"WebPage","@id":"https:\/\/www.raggix.eu\/snr\/salute-cosa-indica-un-mal-di-testa-forte-e-improvviso-le-ipotesi-del-neurologo-sul-caso-di-battista\/","url":"https:\/\/www.raggix.eu\/snr\/salute-cosa-indica-un-mal-di-testa-forte-e-improvviso-le-ipotesi-del-neurologo-sul-caso-di-battista\/","name":"Salute cosa indica un mal di testa forte e improvviso, le ipotesi del neurologo sul caso Di Battista - Sindacato Nazionale Area Radiologica","isPartOf":{"@id":"https:\/\/www.raggix.eu\/snr\/#website"},"datePublished":"2026-08-31T15:14:18+00:00","dateModified":"2026-08-31T15:14:18+00:00","breadcrumb":{"@id":"https:\/\/www.raggix.eu\/snr\/salute-cosa-indica-un-mal-di-testa-forte-e-improvviso-le-ipotesi-del-neurologo-sul-caso-di-battista\/#breadcrumb"},"inLanguage":"it-IT","potentialAction":[{"@type":"ReadAction","target":["https:\/\/www.raggix.eu\/snr\/salute-cosa-indica-un-mal-di-testa-forte-e-improvviso-le-ipotesi-del-neurologo-sul-caso-di-battista\/"]}]},{"@type":"BreadcrumbList","@id":"https:\/\/www.raggix.eu\/snr\/salute-cosa-indica-un-mal-di-testa-forte-e-improvviso-le-ipotesi-del-neurologo-sul-caso-di-battista\/#breadcrumb","itemListElement":[{"@type":"ListItem","position":1,"name":"Home","item":"https:\/\/www.raggix.eu\/snr\/"},{"@type":"ListItem","position":2,"name":"Salute cosa indica un mal di testa forte e improvviso, le ipotesi del neurologo sul caso Di Battista"}]},{"@type":"WebSite","@id":"https:\/\/www.raggix.eu\/snr\/#website","url":"https:\/\/www.raggix.eu\/snr\/","name":"Sindacato Nazionale Area Radiologica","description":"SNR - Sindacato Nazionale Area Radiologica","publisher":{"@id":"https:\/\/www.raggix.eu\/snr\/#organization"},"potentialAction":[{"@type":"SearchAction","target":{"@type":"EntryPoint","urlTemplate":"https:\/\/www.raggix.eu\/snr\/?s={search_term_string}"},"query-input":"required name=search_term_string"}],"inLanguage":"it-IT"},{"@type":"Organization","@id":"https:\/\/www.raggix.eu\/snr\/#organization","name":"Sindacato Nazionale Area Radiologica","url":"https:\/\/www.raggix.eu\/snr\/","sameAs":["https:\/\/www.linkedin.com\/in\/snr-radiologia-260880bb\/","https:\/\/www.youtube.com\/channel\/UCd0-uWNLi9f6DoO8LRAyM7g","https:\/\/www.facebook.com\/sindacatoradiologi"],"logo":{"@type":"ImageObject","inLanguage":"it-IT","@id":"https:\/\/www.raggix.eu\/snr\/#\/schema\/logo\/image\/","url":"https:\/\/www.raggix.eu\/snr\/wp-content\/uploads\/2022\/08\/logo-snr.jpg","contentUrl":"https:\/\/www.raggix.eu\/snr\/wp-content\/uploads\/2022\/08\/logo-snr.jpg","width":350,"height":225,"caption":"Sindacato Nazionale Area Radiologica"},"image":{"@id":"https:\/\/www.raggix.eu\/snr\/#\/schema\/logo\/image\/"}}]}},"_links":{"self":[{"href":"https:\/\/www.raggix.eu\/snr\/wp-json\/wp\/v2\/posts\/36242"}],"collection":[{"href":"https:\/\/www.raggix.eu\/snr\/wp-json\/wp\/v2\/posts"}],"about":[{"href":"https:\/\/www.raggix.eu\/snr\/wp-json\/wp\/v2\/types\/post"}],"replies":[{"embeddable":true,"href":"https:\/\/www.raggix.eu\/snr\/wp-json\/wp\/v2\/comments?post=36242"}],"version-history":[{"count":0,"href":"https:\/\/www.raggix.eu\/snr\/wp-json\/wp\/v2\/posts\/36242\/revisions"}],"wp:attachment":[{"href":"https:\/\/www.raggix.eu\/snr\/wp-json\/wp\/v2\/media?parent=36242"}],"wp:term":[{"taxonomy":"category","embeddable":true,"href":"https:\/\/www.raggix.eu\/snr\/wp-json\/wp\/v2\/categories?post=36242"},{"taxonomy":"post_tag","embeddable":true,"href":"https:\/\/www.raggix.eu\/snr\/wp-json\/wp\/v2\/tags?post=36242"}],"curies":[{"name":"wp","href":"https:\/\/api.w.org\/{rel}","templated":true}]}}